{"id":1504,"date":"2024-04-19T12:43:14","date_gmt":"2024-04-19T10:43:14","guid":{"rendered":"https:\/\/laplattea.com\/?p=1504"},"modified":"2024-04-19T12:43:15","modified_gmt":"2024-04-19T10:43:15","slug":"cafeteria-vintage-en-el-centro-de-gijon","status":"publish","type":"post","link":"https:\/\/laplattea.com\/en\/cafeteria-vintage-en-el-centro-de-gijon\/","title":{"rendered":"Cafeter\u00eda vintage en el centro de Gij\u00f3n"},"content":{"rendered":"","protected":false},"excerpt":{"rendered":"","protected":false},"author":4,"featured_media":0,"comment_status":"closed","ping_status":"closed","sticky":false,"template":"","format":"standard","meta":{"neve_meta_sidebar":"","neve_meta_container":"","neve_meta_enable_content_width":"","neve_meta_content_width":0,"neve_meta_title_alignment":"","neve_meta_author_avatar":"","neve_post_elements_order":"","neve_meta_disable_header":"","neve_meta_disable_footer":"","neve_meta_disable_title":"","neve_meta_reading_time":"","footnotes":""},"categories":[1],"tags":[],"class_list":["post-1504","post","type-post","status-publish","format-standard","hentry","category-uncategorized"],"yoast_head":"<!-- This site is optimized with the Yoast SEO Premium plugin v20.9 (Yoast SEO v23.4) - https:\/\/yoast.com\/wordpress\/plugins\/seo\/ -->\n<title>Cafeter\u00eda vintage en el centro de Gij\u00f3n - La Plattea<\/title>\n<meta name=\"description\" content=\"Aqu\u00ed tienes la cafeter\u00eda vintage que estamos esperando. T\u00f3mate un caf\u00e9 en la zona de Bego\u00f1a. \u00a1Te esperamos!\" \/>\n<meta name=\"robots\" content=\"index, follow, max-snippet:-1, max-image-preview:large, max-video-preview:-1\" \/>\n<link rel=\"canonical\" href=\"https:\/\/laplattea.com\/en\/cafeteria-vintage-en-el-centro-de-gijon\/\" \/>\n<meta property=\"og:locale\" content=\"en_US\" \/>\n<meta property=\"og:type\" content=\"article\" \/>\n<meta property=\"og:title\" content=\"Cafeter\u00eda vintage en el centro de Gij\u00f3n\" \/>\n<meta property=\"og:description\" content=\"Aqu\u00ed tienes la cafeter\u00eda vintage que estamos esperando. T\u00f3mate un caf\u00e9 en la zona de Bego\u00f1a. \u00a1Te esperamos!\" \/>\n<meta property=\"og:url\" content=\"https:\/\/laplattea.com\/en\/cafeteria-vintage-en-el-centro-de-gijon\/\" \/>\n<meta property=\"og:site_name\" content=\"La Plattea\" \/>\n<meta property=\"article:published_time\" content=\"2024-04-19T10:43:14+00:00\" \/>\n<meta property=\"article:modified_time\" content=\"2024-04-19T10:43:15+00:00\" \/>\n<meta name=\"author\" content=\"practicas\" \/>\n<meta name=\"twitter:card\" content=\"summary_large_image\" \/>\n<meta name=\"twitter:label1\" content=\"Written by\" \/>\n\t<meta name=\"twitter:data1\" content=\"practicas\" \/>\n<script type=\"application\/ld+json\" class=\"yoast-schema-graph\">{\"@context\":\"https:\/\/schema.org\",\"@graph\":[{\"@type\":\"WebPage\",\"@id\":\"https:\/\/laplattea.com\/cafeteria-vintage-en-el-centro-de-gijon\/\",\"url\":\"https:\/\/laplattea.com\/cafeteria-vintage-en-el-centro-de-gijon\/\",\"name\":\"Cafeter\u00eda vintage en el centro de Gij\u00f3n - La Plattea\",\"isPartOf\":{\"@id\":\"https:\/\/laplattea.com\/#website\"},\"datePublished\":\"2024-04-19T10:43:14+00:00\",\"dateModified\":\"2024-04-19T10:43:15+00:00\",\"author\":{\"@id\":\"https:\/\/laplattea.com\/#\/schema\/person\/02e280920bf7faa2fbe35502864f0bde\"},\"description\":\"Aqu\u00ed tienes la cafeter\u00eda vintage que estamos esperando. T\u00f3mate un caf\u00e9 en la zona de Bego\u00f1a. \u00a1Te esperamos!\",\"breadcrumb\":{\"@id\":\"https:\/\/laplattea.com\/cafeteria-vintage-en-el-centro-de-gijon\/#breadcrumb\"},\"inLanguage\":\"en-US\",\"potentialAction\":[{\"@type\":\"ReadAction\",\"target\":[\"https:\/\/laplattea.com\/cafeteria-vintage-en-el-centro-de-gijon\/\"]}]},{\"@type\":\"BreadcrumbList\",\"@id\":\"https:\/\/laplattea.com\/cafeteria-vintage-en-el-centro-de-gijon\/#breadcrumb\",\"itemListElement\":[{\"@type\":\"ListItem\",\"position\":1,\"name\":\"Portada\",\"item\":\"https:\/\/laplattea.com\/\"},{\"@type\":\"ListItem\",\"position\":2,\"name\":\"Cafeter\u00eda vintage en el centro de Gij\u00f3n\"}]},{\"@type\":\"WebSite\",\"@id\":\"https:\/\/laplattea.com\/#website\",\"url\":\"https:\/\/laplattea.com\/\",\"name\":\"La Plattea\",\"description\":\"Just another WordPress site\",\"potentialAction\":[{\"@type\":\"SearchAction\",\"target\":{\"@type\":\"EntryPoint\",\"urlTemplate\":\"https:\/\/laplattea.com\/?s={search_term_string}\"},\"query-input\":{\"@type\":\"PropertyValueSpecification\",\"valueRequired\":true,\"valueName\":\"search_term_string\"}}],\"inLanguage\":\"en-US\"},{\"@type\":\"Person\",\"@id\":\"https:\/\/laplattea.com\/#\/schema\/person\/02e280920bf7faa2fbe35502864f0bde\",\"name\":\"practicas\",\"image\":{\"@type\":\"ImageObject\",\"inLanguage\":\"en-US\",\"@id\":\"https:\/\/laplattea.com\/#\/schema\/person\/image\/\",\"url\":\"https:\/\/secure.gravatar.com\/avatar\/f68d1e9f8794298d87392f4ed518a8874347dc21dfb76eba6cca6cae6af889fc?s=96&d=mm&r=g\",\"contentUrl\":\"https:\/\/secure.gravatar.com\/avatar\/f68d1e9f8794298d87392f4ed518a8874347dc21dfb76eba6cca6cae6af889fc?s=96&d=mm&r=g\",\"caption\":\"practicas\"},\"url\":\"https:\/\/laplattea.com\/en\/author\/practicas\/\"}]}<\/script>\n<!-- \/ Yoast SEO Premium plugin. -->","yoast_head_json":{"title":"Cafeter\u00eda vintage en el centro de Gij\u00f3n - La Plattea","description":"Aqu\u00ed tienes la cafeter\u00eda vintage que estamos esperando. T\u00f3mate un caf\u00e9 en la zona de Bego\u00f1a. \u00a1Te esperamos!","robots":{"index":"index","follow":"follow","max-snippet":"max-snippet:-1","max-image-preview":"max-image-preview:large","max-video-preview":"max-video-preview:-1"},"canonical":"https:\/\/laplattea.com\/en\/cafeteria-vintage-en-el-centro-de-gijon\/","og_locale":"en_US","og_type":"article","og_title":"Cafeter\u00eda vintage en el centro de Gij\u00f3n","og_description":"Aqu\u00ed tienes la cafeter\u00eda vintage que estamos esperando. T\u00f3mate un caf\u00e9 en la zona de Bego\u00f1a. \u00a1Te esperamos!","og_url":"https:\/\/laplattea.com\/en\/cafeteria-vintage-en-el-centro-de-gijon\/","og_site_name":"La Plattea","article_published_time":"2024-04-19T10:43:14+00:00","article_modified_time":"2024-04-19T10:43:15+00:00","author":"practicas","twitter_card":"summary_large_image","twitter_misc":{"Written by":"practicas"},"schema":{"@context":"https:\/\/schema.org","@graph":[{"@type":"WebPage","@id":"https:\/\/laplattea.com\/cafeteria-vintage-en-el-centro-de-gijon\/","url":"https:\/\/laplattea.com\/cafeteria-vintage-en-el-centro-de-gijon\/","name":"Cafeter\u00eda vintage en el centro de Gij\u00f3n - La Plattea","isPartOf":{"@id":"https:\/\/laplattea.com\/#website"},"datePublished":"2024-04-19T10:43:14+00:00","dateModified":"2024-04-19T10:43:15+00:00","author":{"@id":"https:\/\/laplattea.com\/#\/schema\/person\/02e280920bf7faa2fbe35502864f0bde"},"description":"Aqu\u00ed tienes la cafeter\u00eda vintage que estamos esperando. T\u00f3mate un caf\u00e9 en la zona de Bego\u00f1a. \u00a1Te esperamos!","breadcrumb":{"@id":"https:\/\/laplattea.com\/cafeteria-vintage-en-el-centro-de-gijon\/#breadcrumb"},"inLanguage":"en-US","potentialAction":[{"@type":"ReadAction","target":["https:\/\/laplattea.com\/cafeteria-vintage-en-el-centro-de-gijon\/"]}]},{"@type":"BreadcrumbList","@id":"https:\/\/laplattea.com\/cafeteria-vintage-en-el-centro-de-gijon\/#breadcrumb","itemListElement":[{"@type":"ListItem","position":1,"name":"Portada","item":"https:\/\/laplattea.com\/"},{"@type":"ListItem","position":2,"name":"Cafeter\u00eda vintage en el centro de Gij\u00f3n"}]},{"@type":"WebSite","@id":"https:\/\/laplattea.com\/#website","url":"https:\/\/laplattea.com\/","name":"La Plattea","description":"Just another WordPress site","potentialAction":[{"@type":"SearchAction","target":{"@type":"EntryPoint","urlTemplate":"https:\/\/laplattea.com\/?s={search_term_string}"},"query-input":{"@type":"PropertyValueSpecification","valueRequired":true,"valueName":"search_term_string"}}],"inLanguage":"en-US"},{"@type":"Person","@id":"https:\/\/laplattea.com\/#\/schema\/person\/02e280920bf7faa2fbe35502864f0bde","name":"practicas","image":{"@type":"ImageObject","inLanguage":"en-US","@id":"https:\/\/laplattea.com\/#\/schema\/person\/image\/","url":"https:\/\/secure.gravatar.com\/avatar\/f68d1e9f8794298d87392f4ed518a8874347dc21dfb76eba6cca6cae6af889fc?s=96&d=mm&r=g","contentUrl":"https:\/\/secure.gravatar.com\/avatar\/f68d1e9f8794298d87392f4ed518a8874347dc21dfb76eba6cca6cae6af889fc?s=96&d=mm&r=g","caption":"practicas"},"url":"https:\/\/laplattea.com\/en\/author\/practicas\/"}]}},"_links":{"self":[{"href":"https:\/\/laplattea.com\/en\/wp-json\/wp\/v2\/posts\/1504","targetHints":{"allow":["GET"]}}],"collection":[{"href":"https:\/\/laplattea.com\/en\/wp-json\/wp\/v2\/posts"}],"about":[{"href":"https:\/\/laplattea.com\/en\/wp-json\/wp\/v2\/types\/post"}],"author":[{"embeddable":true,"href":"https:\/\/laplattea.com\/en\/wp-json\/wp\/v2\/users\/4"}],"replies":[{"embeddable":true,"href":"https:\/\/laplattea.com\/en\/wp-json\/wp\/v2\/comments?post=1504"}],"version-history":[{"count":1,"href":"https:\/\/laplattea.com\/en\/wp-json\/wp\/v2\/posts\/1504\/revisions"}],"predecessor-version":[{"id":1506,"href":"https:\/\/laplattea.com\/en\/wp-json\/wp\/v2\/posts\/1504\/revisions\/1506"}],"wp:attachment":[{"href":"https:\/\/laplattea.com\/en\/wp-json\/wp\/v2\/media?parent=1504"}],"wp:term":[{"taxonomy":"category","embeddable":true,"href":"https:\/\/laplattea.com\/en\/wp-json\/wp\/v2\/categories?post=1504"},{"taxonomy":"post_tag","embeddable":true,"href":"https:\/\/laplattea.com\/en\/wp-json\/wp\/v2\/tags?post=1504"}],"curies":[{"name":"wp","href":"https:\/\/api.w.org\/{rel}","templated":true}]}}