{"id":1305,"date":"2023-11-06T11:26:59","date_gmt":"2023-11-06T10:26:59","guid":{"rendered":"https:\/\/laplattea.com\/?p=1305"},"modified":"2023-11-06T11:27:01","modified_gmt":"2023-11-06T10:27:01","slug":"descubre-la-cafeteria-vintage-en-gijon","status":"publish","type":"post","link":"https:\/\/laplattea.com\/en\/descubre-la-cafeteria-vintage-en-gijon\/","title":{"rendered":"Descubre la Cafeter\u00eda Vintage en Gij\u00f3n"},"content":{"rendered":"<p>Gij\u00f3n, la perla de la costa asturiana, es conocida por su rica historia y su amor por la cultura y el arte. En medio de este encanto, las cafeter\u00edas vintage han florecido como oasis de nostalgia y estilo. Si eres un amante del ambiente retro, la m\u00fasica atemporal y la elegancia cl\u00e1sica, est\u00e1s a punto de embarcarte en un viaje en el tiempo que te llevar\u00e1 a la cafeter\u00eda vintage en Gij\u00f3n. En esta entrada de blog, te invitamos a descubrir los tesoros ocultos de la ciudad donde la tradici\u00f3n y la moda se fusionan para brindarte una experiencia \u00fanica.<\/p>\n\n\n\n<h2>El Encanto de la Cafeter\u00eda Vintage:<\/h2>\n\n\n\n<p>La cafeter\u00eda vintage en Gij\u00f3n no es simplemente un lugar para tomar caf\u00e9; es una experiencia que te transporta a una \u00e9poca pasada. Con una decoraci\u00f3n que evoca la nostalgia de los a\u00f1os dorados, estos lugares te invitan a disfrutar de una taza de caf\u00e9 mientras viajas al pasado.<\/p>\n\n\n\n<h2>\u00bfQu\u00e9 Puedes Esperar?<\/h2>\n\n\n\n<ol class=\"wp-block-list\">\n<li>Decoraci\u00f3n Cl\u00e1sica: Las cafeter\u00edas vintage en Gij\u00f3n est\u00e1n meticulosamente decoradas con mobiliario, iluminaci\u00f3n y detalles que te transportar\u00e1n a los a\u00f1os 50, 60 o 70. Desde sillas de cuero retro hasta vinilos y objetos de \u00e9poca, cada rinc\u00f3n est\u00e1 dise\u00f1ado para evocar el encanto de tiempos pasados.<\/li>\n\n\n\n<li>Ambiente Relajado: Aqu\u00ed, el tiempo se mueve a un ritmo m\u00e1s pausado. Disfruta de la tranquilidad de un lugar donde puedes relajarte, leer un libro o conversar con amigos en un ambiente distendido.<\/li>\n\n\n\n<li>M\u00fasica Cl\u00e1sica: La m\u00fasica en una cafeter\u00eda vintage es una parte esencial de la experiencia. Escucha vinilos que van desde jazz suave hasta cl\u00e1sicos del rock, creando el ambiente perfecto para acompa\u00f1ar tu caf\u00e9.<\/li>\n\n\n\n<li>Men\u00fa Cautivador: Desde caf\u00e9 expreso hasta pasteles caseros, las cafeter\u00edas vintage en Gij\u00f3n ofrecen delicias para satisfacer tu paladar. Adem\u00e1s, los baristas son apasionados por el caf\u00e9 y su elaboraci\u00f3n.<\/li>\n<\/ol>\n\n\n\n<h2>\u00bfC\u00f3mo Encontrar la Mejor Cafeter\u00eda Vintage en Gij\u00f3n?<\/h2>\n\n\n\n<ol class=\"wp-block-list\">\n<li>Investigaci\u00f3n en L\u00ednea: Comienza tu b\u00fasqueda en l\u00ednea utilizando motores de b\u00fasqueda y directorios de cafeter\u00edas vintage en Gij\u00f3n.<\/li>\n\n\n\n<li>Lee Rese\u00f1as y Testimonios: Investiga la reputaci\u00f3n y la satisfacci\u00f3n de los clientes anteriores a trav\u00e9s de rese\u00f1as y testimonios en l\u00ednea.<\/li>\n\n\n\n<li>Visita Varias Opciones: Explora diferentes cafeter\u00edas vintage en la ciudad para encontrar la que mejor se adapte a tus gustos y preferencias.<\/li>\n\n\n\n<li>Pregunta a los Locales: Pide recomendaciones a los residentes locales para descubrir las joyas escondidas que quiz\u00e1s no aparezcan en las gu\u00edas tur\u00edsticas.<\/li>\n<\/ol>\n\n\n\n<h2>Conclusi\u00f3n:<\/h2>\n\n\n\n<p>La cafeter\u00eda vintage en Gij\u00f3n es mucho m\u00e1s que una pausa para el caf\u00e9; es un portal a tiempos pasados llenos de encanto y elegancia. Sum\u00e9rgete en la atm\u00f3sfera de una \u00e9poca dorada mientras disfrutas de tu bebida favorita y delicias caseras. La pr\u00f3xima vez que visites Gij\u00f3n, no te pierdas la oportunidad de experimentar el encanto de la cafeter\u00eda vintage. \u00a1Descubre el pasado mientras disfrutas del presente en un lugar donde el estilo atemporal es el protagonista!<\/p>","protected":false},"excerpt":{"rendered":"<p>Gij\u00f3n, la perla de la costa asturiana, es conocida por su rica historia y su amor por la cultura y el arte. En medio de este encanto, las cafeter\u00edas vintage han florecido como oasis de nostalgia y estilo. Si eres un amante del ambiente retro, la m\u00fasica atemporal y la elegancia cl\u00e1sica, est\u00e1s a punto&hellip;&nbsp;<a href=\"https:\/\/laplattea.com\/en\/descubre-la-cafeteria-vintage-en-gijon\/\" class=\"\" rel=\"bookmark\">Read More &raquo;<span class=\"screen-reader-text\">Descubre la Cafeter\u00eda Vintage en Gij\u00f3n<\/span><\/a><\/p>","protected":false},"author":1,"featured_media":0,"comment_status":"closed","ping_status":"closed","sticky":false,"template":"","format":"standard","meta":{"neve_meta_sidebar":"","neve_meta_container":"","neve_meta_enable_content_width":"","neve_meta_content_width":0,"neve_meta_title_alignment":"","neve_meta_author_avatar":"","neve_post_elements_order":"","neve_meta_disable_header":"","neve_meta_disable_footer":"","neve_meta_disable_title":"","neve_meta_reading_time":"","footnotes":""},"categories":[1],"tags":[],"class_list":["post-1305","post","type-post","status-publish","format-standard","hentry","category-uncategorized"],"yoast_head":"<!-- This site is optimized with the Yoast SEO Premium plugin v20.9 (Yoast SEO v23.4) - https:\/\/yoast.com\/wordpress\/plugins\/seo\/ -->\n<title>Cafeter\u00eda vintage en Gij\u00f3n - La Plattea<\/title>\n<meta name=\"description\" content=\"La cafeter\u00eda vintage en Gij\u00f3n es mucho m\u00e1s que una pausa para el caf\u00e9; es un portal a tiempos pasados llenos de encanto y elegancia.\" \/>\n<meta name=\"robots\" content=\"index, follow, max-snippet:-1, max-image-preview:large, max-video-preview:-1\" \/>\n<link rel=\"canonical\" href=\"https:\/\/laplattea.com\/en\/descubre-la-cafeteria-vintage-en-gijon\/\" \/>\n<meta property=\"og:locale\" content=\"en_US\" \/>\n<meta property=\"og:type\" content=\"article\" \/>\n<meta property=\"og:title\" content=\"Descubre la Cafeter\u00eda Vintage en Gij\u00f3n\" \/>\n<meta property=\"og:description\" content=\"La cafeter\u00eda vintage en Gij\u00f3n es mucho m\u00e1s que una pausa para el caf\u00e9; es un portal a tiempos pasados llenos de encanto y elegancia.\" \/>\n<meta property=\"og:url\" content=\"https:\/\/laplattea.com\/en\/descubre-la-cafeteria-vintage-en-gijon\/\" \/>\n<meta property=\"og:site_name\" content=\"La Plattea\" \/>\n<meta property=\"article:published_time\" content=\"2023-11-06T10:26:59+00:00\" \/>\n<meta property=\"article:modified_time\" content=\"2023-11-06T10:27:01+00:00\" \/>\n<meta name=\"author\" content=\"zero\" \/>\n<meta name=\"twitter:card\" content=\"summary_large_image\" \/>\n<meta name=\"twitter:label1\" content=\"Written by\" \/>\n\t<meta name=\"twitter:data1\" content=\"zero\" \/>\n\t<meta name=\"twitter:label2\" content=\"Est. reading time\" \/>\n\t<meta name=\"twitter:data2\" content=\"3 minutes\" \/>\n<script type=\"application\/ld+json\" class=\"yoast-schema-graph\">{\"@context\":\"https:\/\/schema.org\",\"@graph\":[{\"@type\":\"WebPage\",\"@id\":\"https:\/\/laplattea.com\/descubre-la-cafeteria-vintage-en-gijon\/\",\"url\":\"https:\/\/laplattea.com\/descubre-la-cafeteria-vintage-en-gijon\/\",\"name\":\"Cafeter\u00eda vintage en Gij\u00f3n - La Plattea\",\"isPartOf\":{\"@id\":\"https:\/\/laplattea.com\/#website\"},\"datePublished\":\"2023-11-06T10:26:59+00:00\",\"dateModified\":\"2023-11-06T10:27:01+00:00\",\"author\":{\"@id\":\"https:\/\/laplattea.com\/#\/schema\/person\/5212b4748912e427af359237da92cea0\"},\"description\":\"La cafeter\u00eda vintage en Gij\u00f3n es mucho m\u00e1s que una pausa para el caf\u00e9; es un portal a tiempos pasados llenos de encanto y elegancia.\",\"breadcrumb\":{\"@id\":\"https:\/\/laplattea.com\/descubre-la-cafeteria-vintage-en-gijon\/#breadcrumb\"},\"inLanguage\":\"en-US\",\"potentialAction\":[{\"@type\":\"ReadAction\",\"target\":[\"https:\/\/laplattea.com\/descubre-la-cafeteria-vintage-en-gijon\/\"]}]},{\"@type\":\"BreadcrumbList\",\"@id\":\"https:\/\/laplattea.com\/descubre-la-cafeteria-vintage-en-gijon\/#breadcrumb\",\"itemListElement\":[{\"@type\":\"ListItem\",\"position\":1,\"name\":\"Portada\",\"item\":\"https:\/\/laplattea.com\/\"},{\"@type\":\"ListItem\",\"position\":2,\"name\":\"Descubre la Cafeter\u00eda Vintage en Gij\u00f3n\"}]},{\"@type\":\"WebSite\",\"@id\":\"https:\/\/laplattea.com\/#website\",\"url\":\"https:\/\/laplattea.com\/\",\"name\":\"La Plattea\",\"description\":\"Just another WordPress site\",\"potentialAction\":[{\"@type\":\"SearchAction\",\"target\":{\"@type\":\"EntryPoint\",\"urlTemplate\":\"https:\/\/laplattea.com\/?s={search_term_string}\"},\"query-input\":{\"@type\":\"PropertyValueSpecification\",\"valueRequired\":true,\"valueName\":\"search_term_string\"}}],\"inLanguage\":\"en-US\"},{\"@type\":\"Person\",\"@id\":\"https:\/\/laplattea.com\/#\/schema\/person\/5212b4748912e427af359237da92cea0\",\"name\":\"zero\",\"image\":{\"@type\":\"ImageObject\",\"inLanguage\":\"en-US\",\"@id\":\"https:\/\/laplattea.com\/#\/schema\/person\/image\/\",\"url\":\"https:\/\/secure.gravatar.com\/avatar\/df0a4027f73eedfa4b2c798ce58ecd68731259ab7cdb678c6eecf4b7b97f2f00?s=96&d=mm&r=g\",\"contentUrl\":\"https:\/\/secure.gravatar.com\/avatar\/df0a4027f73eedfa4b2c798ce58ecd68731259ab7cdb678c6eecf4b7b97f2f00?s=96&d=mm&r=g\",\"caption\":\"zero\"},\"url\":\"https:\/\/laplattea.com\/en\/author\/zero\/\"}]}<\/script>\n<!-- \/ Yoast SEO Premium plugin. -->","yoast_head_json":{"title":"Cafeter\u00eda vintage en Gij\u00f3n - La Plattea","description":"La cafeter\u00eda vintage en Gij\u00f3n es mucho m\u00e1s que una pausa para el caf\u00e9; es un portal a tiempos pasados llenos de encanto y elegancia.","robots":{"index":"index","follow":"follow","max-snippet":"max-snippet:-1","max-image-preview":"max-image-preview:large","max-video-preview":"max-video-preview:-1"},"canonical":"https:\/\/laplattea.com\/en\/descubre-la-cafeteria-vintage-en-gijon\/","og_locale":"en_US","og_type":"article","og_title":"Descubre la Cafeter\u00eda Vintage en Gij\u00f3n","og_description":"La cafeter\u00eda vintage en Gij\u00f3n es mucho m\u00e1s que una pausa para el caf\u00e9; es un portal a tiempos pasados llenos de encanto y elegancia.","og_url":"https:\/\/laplattea.com\/en\/descubre-la-cafeteria-vintage-en-gijon\/","og_site_name":"La Plattea","article_published_time":"2023-11-06T10:26:59+00:00","article_modified_time":"2023-11-06T10:27:01+00:00","author":"zero","twitter_card":"summary_large_image","twitter_misc":{"Written by":"zero","Est. reading time":"3 minutes"},"schema":{"@context":"https:\/\/schema.org","@graph":[{"@type":"WebPage","@id":"https:\/\/laplattea.com\/descubre-la-cafeteria-vintage-en-gijon\/","url":"https:\/\/laplattea.com\/descubre-la-cafeteria-vintage-en-gijon\/","name":"Cafeter\u00eda vintage en Gij\u00f3n - La Plattea","isPartOf":{"@id":"https:\/\/laplattea.com\/#website"},"datePublished":"2023-11-06T10:26:59+00:00","dateModified":"2023-11-06T10:27:01+00:00","author":{"@id":"https:\/\/laplattea.com\/#\/schema\/person\/5212b4748912e427af359237da92cea0"},"description":"La cafeter\u00eda vintage en Gij\u00f3n es mucho m\u00e1s que una pausa para el caf\u00e9; es un portal a tiempos pasados llenos de encanto y elegancia.","breadcrumb":{"@id":"https:\/\/laplattea.com\/descubre-la-cafeteria-vintage-en-gijon\/#breadcrumb"},"inLanguage":"en-US","potentialAction":[{"@type":"ReadAction","target":["https:\/\/laplattea.com\/descubre-la-cafeteria-vintage-en-gijon\/"]}]},{"@type":"BreadcrumbList","@id":"https:\/\/laplattea.com\/descubre-la-cafeteria-vintage-en-gijon\/#breadcrumb","itemListElement":[{"@type":"ListItem","position":1,"name":"Portada","item":"https:\/\/laplattea.com\/"},{"@type":"ListItem","position":2,"name":"Descubre la Cafeter\u00eda Vintage en Gij\u00f3n"}]},{"@type":"WebSite","@id":"https:\/\/laplattea.com\/#website","url":"https:\/\/laplattea.com\/","name":"La Plattea","description":"Just another WordPress site","potentialAction":[{"@type":"SearchAction","target":{"@type":"EntryPoint","urlTemplate":"https:\/\/laplattea.com\/?s={search_term_string}"},"query-input":{"@type":"PropertyValueSpecification","valueRequired":true,"valueName":"search_term_string"}}],"inLanguage":"en-US"},{"@type":"Person","@id":"https:\/\/laplattea.com\/#\/schema\/person\/5212b4748912e427af359237da92cea0","name":"zero","image":{"@type":"ImageObject","inLanguage":"en-US","@id":"https:\/\/laplattea.com\/#\/schema\/person\/image\/","url":"https:\/\/secure.gravatar.com\/avatar\/df0a4027f73eedfa4b2c798ce58ecd68731259ab7cdb678c6eecf4b7b97f2f00?s=96&d=mm&r=g","contentUrl":"https:\/\/secure.gravatar.com\/avatar\/df0a4027f73eedfa4b2c798ce58ecd68731259ab7cdb678c6eecf4b7b97f2f00?s=96&d=mm&r=g","caption":"zero"},"url":"https:\/\/laplattea.com\/en\/author\/zero\/"}]}},"_links":{"self":[{"href":"https:\/\/laplattea.com\/en\/wp-json\/wp\/v2\/posts\/1305","targetHints":{"allow":["GET"]}}],"collection":[{"href":"https:\/\/laplattea.com\/en\/wp-json\/wp\/v2\/posts"}],"about":[{"href":"https:\/\/laplattea.com\/en\/wp-json\/wp\/v2\/types\/post"}],"author":[{"embeddable":true,"href":"https:\/\/laplattea.com\/en\/wp-json\/wp\/v2\/users\/1"}],"replies":[{"embeddable":true,"href":"https:\/\/laplattea.com\/en\/wp-json\/wp\/v2\/comments?post=1305"}],"version-history":[{"count":1,"href":"https:\/\/laplattea.com\/en\/wp-json\/wp\/v2\/posts\/1305\/revisions"}],"predecessor-version":[{"id":1307,"href":"https:\/\/laplattea.com\/en\/wp-json\/wp\/v2\/posts\/1305\/revisions\/1307"}],"wp:attachment":[{"href":"https:\/\/laplattea.com\/en\/wp-json\/wp\/v2\/media?parent=1305"}],"wp:term":[{"taxonomy":"category","embeddable":true,"href":"https:\/\/laplattea.com\/en\/wp-json\/wp\/v2\/categories?post=1305"},{"taxonomy":"post_tag","embeddable":true,"href":"https:\/\/laplattea.com\/en\/wp-json\/wp\/v2\/tags?post=1305"}],"curies":[{"name":"wp","href":"https:\/\/api.w.org\/{rel}","templated":true}]}}